{"id":1474,"date":"2023-05-01T15:30:59","date_gmt":"2023-05-01T15:30:59","guid":{"rendered":"https:\/\/bakertillygabon.com\/?p=1474"},"modified":"2023-08-03T07:59:08","modified_gmt":"2023-08-03T07:59:08","slug":"fete-du-travail-chez-baker-tilly-gabon","status":"publish","type":"post","link":"https:\/\/bakertillygabon.com\/en\/2023\/05\/01\/fete-du-travail-chez-baker-tilly-gabon\/","title":{"rendered":"F\u00eate du travail chez Baker Tilly Gabon"},"content":{"rendered":"<p>\u00ab&nbsp;Les meilleurs choses qui arrivent dans le monde de l\u2019entreprise ne sont pas le r\u00e9sultat d\u2019un seul homme. C\u2019est le travail de toute une \u00e9quipe&nbsp;\u00bb STEVE JOBS<br>Bonne f\u00eate du travail \u00e0 l\u2019ensemble du personnel de BAKER TILLY GABON<\/p>\n\n\n\n<p><a href=\"https:\/\/www.linkedin.com\/feed\/hashtag\/?keywords=f%C3%AAtedutravail&amp;highlightedUpdateUrns=urn%3Ali%3Aactivity%3A7059860725728456704\">#f\u00eatedutravail<\/a><a href=\"https:\/\/www.linkedin.com\/feed\/hashtag\/?keywords=espritd%C3%A9quipe&amp;highlightedUpdateUrns=urn%3Ali%3Aactivity%3A7059860725728456704\"> #espritd\u00e9quipe<\/a><a href=\"https:\/\/www.linkedin.com\/feed\/hashtag\/?keywords=collaboration&amp;highlightedUpdateUrns=urn%3Ali%3Aactivity%3A7059860725728456704\"> #collaboration<\/a><a href=\"https:\/\/www.linkedin.com\/feed\/hashtag\/?keywords=engagement&amp;highlightedUpdateUrns=urn%3Ali%3Aactivity%3A7059860725728456704\"> #engagement<\/a><a href=\"https:\/\/www.linkedin.com\/feed\/hashtag\/?keywords=succ%C3%A8s&amp;highlightedUpdateUrns=urn%3Ali%3Aactivity%3A7059860725728456704\"> #succ\u00e8s<\/a><a href=\"https:\/\/www.linkedin.com\/feed\/hashtag\/?keywords=bakertillygabon&amp;highlightedUpdateUrns=urn%3Ali%3Aactivity%3A7059860725728456704\"> #BakerTillyGabon<\/a><\/p>\n\n\n\n<figure class=\"wp-block-gallery has-nested-images columns-default is-cropped wp-block-gallery-1 is-layout-flex wp-block-gallery-is-layout-flex\">\n<figure class=\"wp-block-image size-large\"><img loading=\"lazy\" decoding=\"async\" width=\"1024\" height=\"721\" data-id=\"1477\" src=\"https:\/\/bakertillygabon.com\/wp-content\/uploads\/2023\/08\/image-2-1024x721.png\" alt=\"\" class=\"wp-image-1477\" srcset=\"https:\/\/bakertillygabon.com\/wp-content\/uploads\/2023\/08\/image-2-1024x721.png 1024w, https:\/\/bakertillygabon.com\/wp-content\/uploads\/2023\/08\/image-2-300x211.png 300w, https:\/\/bakertillygabon.com\/wp-content\/uploads\/2023\/08\/image-2-768x540.png 768w, https:\/\/bakertillygabon.com\/wp-content\/uploads\/2023\/08\/image-2-1536x1081.png 1536w, https:\/\/bakertillygabon.com\/wp-content\/uploads\/2023\/08\/image-2-18x12.png 18w, https:\/\/bakertillygabon.com\/wp-content\/uploads\/2023\/08\/image-2.png 2048w\" sizes=\"auto, (max-width: 1024px) 100vw, 1024px\" \/><\/figure>\n\n\n\n<figure class=\"wp-block-image size-large\"><img loading=\"lazy\" decoding=\"async\" width=\"797\" height=\"1024\" data-id=\"1475\" src=\"https:\/\/bakertillygabon.com\/wp-content\/uploads\/2023\/08\/image-797x1024.png\" alt=\"\" class=\"wp-image-1475\" srcset=\"https:\/\/bakertillygabon.com\/wp-content\/uploads\/2023\/08\/image-797x1024.png 797w, https:\/\/bakertillygabon.com\/wp-content\/uploads\/2023\/08\/image-234x300.png 234w, https:\/\/bakertillygabon.com\/wp-content\/uploads\/2023\/08\/image-768x986.png 768w, https:\/\/bakertillygabon.com\/wp-content\/uploads\/2023\/08\/image-1196x1536.png 1196w, https:\/\/bakertillygabon.com\/wp-content\/uploads\/2023\/08\/image-9x12.png 9w, https:\/\/bakertillygabon.com\/wp-content\/uploads\/2023\/08\/image.png 1280w\" sizes=\"auto, (max-width: 797px) 100vw, 797px\" \/><\/figure>\n\n\n\n<figure class=\"wp-block-image size-large\"><img loading=\"lazy\" decoding=\"async\" width=\"1024\" height=\"661\" data-id=\"1476\" src=\"https:\/\/bakertillygabon.com\/wp-content\/uploads\/2023\/08\/image-1-1024x661.png\" alt=\"\" class=\"wp-image-1476\" srcset=\"https:\/\/bakertillygabon.com\/wp-content\/uploads\/2023\/08\/image-1-1024x661.png 1024w, https:\/\/bakertillygabon.com\/wp-content\/uploads\/2023\/08\/image-1-300x194.png 300w, https:\/\/bakertillygabon.com\/wp-content\/uploads\/2023\/08\/image-1-768x496.png 768w, https:\/\/bakertillygabon.com\/wp-content\/uploads\/2023\/08\/image-1-1536x992.png 1536w, https:\/\/bakertillygabon.com\/wp-content\/uploads\/2023\/08\/image-1-18x12.png 18w, https:\/\/bakertillygabon.com\/wp-content\/uploads\/2023\/08\/image-1.png 2048w\" sizes=\"auto, (max-width: 1024px) 100vw, 1024px\" \/><\/figure>\n\n\n\n<figure class=\"wp-block-image size-large\"><img loading=\"lazy\" decoding=\"async\" width=\"769\" height=\"1024\" data-id=\"1478\" src=\"https:\/\/bakertillygabon.com\/wp-content\/uploads\/2023\/08\/image-3-769x1024.png\" alt=\"\" class=\"wp-image-1478\" srcset=\"https:\/\/bakertillygabon.com\/wp-content\/uploads\/2023\/08\/image-3-769x1024.png 769w, https:\/\/bakertillygabon.com\/wp-content\/uploads\/2023\/08\/image-3-225x300.png 225w, https:\/\/bakertillygabon.com\/wp-content\/uploads\/2023\/08\/image-3-768x1022.png 768w, https:\/\/bakertillygabon.com\/wp-content\/uploads\/2023\/08\/image-3-1154x1536.png 1154w, https:\/\/bakertillygabon.com\/wp-content\/uploads\/2023\/08\/image-3-9x12.png 9w, https:\/\/bakertillygabon.com\/wp-content\/uploads\/2023\/08\/image-3.png 1280w\" sizes=\"auto, (max-width: 769px) 100vw, 769px\" \/><\/figure>\n<\/figure>","protected":false},"excerpt":{"rendered":"<p>\u00ab&nbsp;Les meilleurs choses qui arrivent dans le monde de l\u2019entreprise ne sont pas le r\u00e9sultat d\u2019un seul homme. C\u2019est le travail de toute une \u00e9quipe&nbsp;\u00bb STEVE JOBSBonne f\u00eate du travail \u00e0 l\u2019ensemble du personnel de BAKER TILLY GABON #f\u00eatedutravail #espritd\u00e9quipe #collaboration #engagement #succ\u00e8s #BakerTillyGabon<\/p>","protected":false},"author":2,"featured_media":1475,"comment_status":"closed","ping_status":"open","sticky":false,"template":"","format":"standard","meta":{"advgb_blocks_editor_width":"","advgb_blocks_columns_visual_guide":"","footnotes":""},"categories":[42],"tags":[],"class_list":["post-1474","post","type-post","status-publish","format-standard","has-post-thumbnail","hentry","category-vie-dentreprise"],"yoast_head":"<!-- This site is optimized with the Yoast SEO plugin v23.3 - https:\/\/yoast.com\/wordpress\/plugins\/seo\/ -->\n<title>F\u00eate du travail chez Baker Tilly Gabon - Baker Tilly Gabon<\/title>\n<meta name=\"robots\" content=\"index, follow, max-snippet:-1, max-image-preview:large, max-video-preview:-1\" \/>\n<link rel=\"canonical\" href=\"https:\/\/bakertillygabon.com\/en\/2023\/05\/01\/fete-du-travail-chez-baker-tilly-gabon\/\" \/>\n<meta property=\"og:locale\" content=\"en_US\" \/>\n<meta property=\"og:type\" content=\"article\" \/>\n<meta property=\"og:title\" content=\"F\u00eate du travail chez Baker Tilly Gabon - Baker Tilly Gabon\" \/>\n<meta property=\"og:description\" content=\"\u00ab&nbsp;Les meilleurs choses qui arrivent dans le monde de l\u2019entreprise ne sont pas le r\u00e9sultat d\u2019un seul homme. C\u2019est le travail de toute une \u00e9quipe&nbsp;\u00bb STEVE JOBSBonne f\u00eate du travail \u00e0 l\u2019ensemble du personnel de BAKER TILLY GABON #f\u00eatedutravail #espritd\u00e9quipe #collaboration #engagement #succ\u00e8s #BakerTillyGabon\" \/>\n<meta property=\"og:url\" content=\"https:\/\/bakertillygabon.com\/en\/2023\/05\/01\/fete-du-travail-chez-baker-tilly-gabon\/\" \/>\n<meta property=\"og:site_name\" content=\"Baker Tilly Gabon\" \/>\n<meta property=\"article:publisher\" content=\"https:\/\/www.facebook.com\/bakertillygabon\" \/>\n<meta property=\"article:published_time\" content=\"2023-05-01T15:30:59+00:00\" \/>\n<meta property=\"article:modified_time\" content=\"2023-08-03T07:59:08+00:00\" \/>\n<meta property=\"og:image\" content=\"https:\/\/bakertillygabon.com\/wp-content\/uploads\/2023\/08\/image-797x1024.png\" \/>\n\t<meta property=\"og:image:width\" content=\"797\" \/>\n\t<meta property=\"og:image:height\" content=\"1024\" \/>\n\t<meta property=\"og:image:type\" content=\"image\/png\" \/>\n<meta name=\"author\" content=\"baker.tilly@admin\" \/>\n<meta name=\"twitter:card\" content=\"summary_large_image\" \/>\n<meta name=\"twitter:creator\" content=\"@bakertillygabon\" \/>\n<meta name=\"twitter:site\" content=\"@bakertillygabon\" \/>\n<meta name=\"twitter:label1\" content=\"Written by\" \/>\n\t<meta name=\"twitter:data1\" content=\"baker.tilly@admin\" \/>\n\t<meta name=\"twitter:label2\" content=\"Est. reading time\" \/>\n\t<meta name=\"twitter:data2\" content=\"2 minutes\" \/>\n<script type=\"application\/ld+json\" class=\"yoast-schema-graph\">{\"@context\":\"https:\/\/schema.org\",\"@graph\":[{\"@type\":\"Article\",\"@id\":\"https:\/\/bakertillygabon.com\/2023\/05\/01\/fete-du-travail-chez-baker-tilly-gabon\/#article\",\"isPartOf\":{\"@id\":\"https:\/\/bakertillygabon.com\/2023\/05\/01\/fete-du-travail-chez-baker-tilly-gabon\/\"},\"author\":{\"name\":\"baker.tilly@admin\",\"@id\":\"https:\/\/bakertillygabon.com\/#\/schema\/person\/f1c1f8e404fd5e29a6ef4a00ad87d2c8\"},\"headline\":\"F\u00eate du travail chez Baker Tilly Gabon\",\"datePublished\":\"2023-05-01T15:30:59+00:00\",\"dateModified\":\"2023-08-03T07:59:08+00:00\",\"mainEntityOfPage\":{\"@id\":\"https:\/\/bakertillygabon.com\/2023\/05\/01\/fete-du-travail-chez-baker-tilly-gabon\/\"},\"wordCount\":62,\"publisher\":{\"@id\":\"https:\/\/bakertillygabon.com\/#organization\"},\"image\":{\"@id\":\"https:\/\/bakertillygabon.com\/2023\/05\/01\/fete-du-travail-chez-baker-tilly-gabon\/#primaryimage\"},\"thumbnailUrl\":\"https:\/\/bakertillygabon.com\/wp-content\/uploads\/2023\/08\/image.png\",\"articleSection\":[\"Vie d'entreprise\"],\"inLanguage\":\"en-US\"},{\"@type\":\"WebPage\",\"@id\":\"https:\/\/bakertillygabon.com\/2023\/05\/01\/fete-du-travail-chez-baker-tilly-gabon\/\",\"url\":\"https:\/\/bakertillygabon.com\/2023\/05\/01\/fete-du-travail-chez-baker-tilly-gabon\/\",\"name\":\"F\u00eate du travail chez Baker Tilly Gabon - Baker Tilly Gabon\",\"isPartOf\":{\"@id\":\"https:\/\/bakertillygabon.com\/#website\"},\"primaryImageOfPage\":{\"@id\":\"https:\/\/bakertillygabon.com\/2023\/05\/01\/fete-du-travail-chez-baker-tilly-gabon\/#primaryimage\"},\"image\":{\"@id\":\"https:\/\/bakertillygabon.com\/2023\/05\/01\/fete-du-travail-chez-baker-tilly-gabon\/#primaryimage\"},\"thumbnailUrl\":\"https:\/\/bakertillygabon.com\/wp-content\/uploads\/2023\/08\/image.png\",\"datePublished\":\"2023-05-01T15:30:59+00:00\",\"dateModified\":\"2023-08-03T07:59:08+00:00\",\"breadcrumb\":{\"@id\":\"https:\/\/bakertillygabon.com\/2023\/05\/01\/fete-du-travail-chez-baker-tilly-gabon\/#breadcrumb\"},\"inLanguage\":\"en-US\",\"potentialAction\":[{\"@type\":\"ReadAction\",\"target\":[\"https:\/\/bakertillygabon.com\/2023\/05\/01\/fete-du-travail-chez-baker-tilly-gabon\/\"]}]},{\"@type\":\"ImageObject\",\"inLanguage\":\"en-US\",\"@id\":\"https:\/\/bakertillygabon.com\/2023\/05\/01\/fete-du-travail-chez-baker-tilly-gabon\/#primaryimage\",\"url\":\"https:\/\/bakertillygabon.com\/wp-content\/uploads\/2023\/08\/image.png\",\"contentUrl\":\"https:\/\/bakertillygabon.com\/wp-content\/uploads\/2023\/08\/image.png\",\"width\":1280,\"height\":1644},{\"@type\":\"BreadcrumbList\",\"@id\":\"https:\/\/bakertillygabon.com\/2023\/05\/01\/fete-du-travail-chez-baker-tilly-gabon\/#breadcrumb\",\"itemListElement\":[{\"@type\":\"ListItem\",\"position\":1,\"name\":\"Accueil\",\"item\":\"https:\/\/bakertillygabon.com\/\"},{\"@type\":\"ListItem\",\"position\":2,\"name\":\"F\u00eate du travail chez Baker Tilly Gabon\"}]},{\"@type\":\"WebSite\",\"@id\":\"https:\/\/bakertillygabon.com\/#website\",\"url\":\"https:\/\/bakertillygabon.com\/\",\"name\":\"Baker Tilly Gabon\",\"description\":\"\",\"publisher\":{\"@id\":\"https:\/\/bakertillygabon.com\/#organization\"},\"potentialAction\":[{\"@type\":\"SearchAction\",\"target\":{\"@type\":\"EntryPoint\",\"urlTemplate\":\"https:\/\/bakertillygabon.com\/?s={search_term_string}\"},\"query-input\":\"required name=search_term_string\"}],\"inLanguage\":\"en-US\"},{\"@type\":\"Organization\",\"@id\":\"https:\/\/bakertillygabon.com\/#organization\",\"name\":\"Baker Tilly Gabon\",\"url\":\"https:\/\/bakertillygabon.com\/\",\"logo\":{\"@type\":\"ImageObject\",\"inLanguage\":\"en-US\",\"@id\":\"https:\/\/bakertillygabon.com\/#\/schema\/logo\/image\/\",\"url\":\"https:\/\/bakertillygabon.com\/wp-content\/uploads\/2023\/04\/Logo-1.png\",\"contentUrl\":\"https:\/\/bakertillygabon.com\/wp-content\/uploads\/2023\/04\/Logo-1.png\",\"width\":772,\"height\":203,\"caption\":\"Baker Tilly Gabon\"},\"image\":{\"@id\":\"https:\/\/bakertillygabon.com\/#\/schema\/logo\/image\/\"},\"sameAs\":[\"https:\/\/www.facebook.com\/bakertillygabon\",\"https:\/\/x.com\/bakertillygabon\"]},{\"@type\":\"Person\",\"@id\":\"https:\/\/bakertillygabon.com\/#\/schema\/person\/f1c1f8e404fd5e29a6ef4a00ad87d2c8\",\"name\":\"baker.tilly@admin\",\"image\":{\"@type\":\"ImageObject\",\"inLanguage\":\"en-US\",\"@id\":\"https:\/\/bakertillygabon.com\/#\/schema\/person\/image\/\",\"url\":\"https:\/\/secure.gravatar.com\/avatar\/d23db4015b3263d817a1a8e41b860b6d72bdb371905ec4504a6ff00a7caddb64?s=96&d=mm&r=g\",\"contentUrl\":\"https:\/\/secure.gravatar.com\/avatar\/d23db4015b3263d817a1a8e41b860b6d72bdb371905ec4504a6ff00a7caddb64?s=96&d=mm&r=g\",\"caption\":\"baker.tilly@admin\"},\"url\":\"https:\/\/bakertillygabon.com\/en\/author\/baker-tillyadmin\/\"}]}<\/script>\n<!-- \/ Yoast SEO plugin. -->","yoast_head_json":{"title":"F\u00eate du travail chez Baker Tilly Gabon - Baker Tilly Gabon","robots":{"index":"index","follow":"follow","max-snippet":"max-snippet:-1","max-image-preview":"max-image-preview:large","max-video-preview":"max-video-preview:-1"},"canonical":"https:\/\/bakertillygabon.com\/en\/2023\/05\/01\/fete-du-travail-chez-baker-tilly-gabon\/","og_locale":"en_US","og_type":"article","og_title":"F\u00eate du travail chez Baker Tilly Gabon - Baker Tilly Gabon","og_description":"\u00ab&nbsp;Les meilleurs choses qui arrivent dans le monde de l\u2019entreprise ne sont pas le r\u00e9sultat d\u2019un seul homme. C\u2019est le travail de toute une \u00e9quipe&nbsp;\u00bb STEVE JOBSBonne f\u00eate du travail \u00e0 l\u2019ensemble du personnel de BAKER TILLY GABON #f\u00eatedutravail #espritd\u00e9quipe #collaboration #engagement #succ\u00e8s #BakerTillyGabon","og_url":"https:\/\/bakertillygabon.com\/en\/2023\/05\/01\/fete-du-travail-chez-baker-tilly-gabon\/","og_site_name":"Baker Tilly Gabon","article_publisher":"https:\/\/www.facebook.com\/bakertillygabon","article_published_time":"2023-05-01T15:30:59+00:00","article_modified_time":"2023-08-03T07:59:08+00:00","og_image":[{"width":797,"height":1024,"url":"https:\/\/bakertillygabon.com\/wp-content\/uploads\/2023\/08\/image-797x1024.png","type":"image\/png"}],"author":"baker.tilly@admin","twitter_card":"summary_large_image","twitter_creator":"@bakertillygabon","twitter_site":"@bakertillygabon","twitter_misc":{"Written by":"baker.tilly@admin","Est. reading time":"2 minutes"},"schema":{"@context":"https:\/\/schema.org","@graph":[{"@type":"Article","@id":"https:\/\/bakertillygabon.com\/2023\/05\/01\/fete-du-travail-chez-baker-tilly-gabon\/#article","isPartOf":{"@id":"https:\/\/bakertillygabon.com\/2023\/05\/01\/fete-du-travail-chez-baker-tilly-gabon\/"},"author":{"name":"baker.tilly@admin","@id":"https:\/\/bakertillygabon.com\/#\/schema\/person\/f1c1f8e404fd5e29a6ef4a00ad87d2c8"},"headline":"F\u00eate du travail chez Baker Tilly Gabon","datePublished":"2023-05-01T15:30:59+00:00","dateModified":"2023-08-03T07:59:08+00:00","mainEntityOfPage":{"@id":"https:\/\/bakertillygabon.com\/2023\/05\/01\/fete-du-travail-chez-baker-tilly-gabon\/"},"wordCount":62,"publisher":{"@id":"https:\/\/bakertillygabon.com\/#organization"},"image":{"@id":"https:\/\/bakertillygabon.com\/2023\/05\/01\/fete-du-travail-chez-baker-tilly-gabon\/#primaryimage"},"thumbnailUrl":"https:\/\/bakertillygabon.com\/wp-content\/uploads\/2023\/08\/image.png","articleSection":["Vie d'entreprise"],"inLanguage":"en-US"},{"@type":"WebPage","@id":"https:\/\/bakertillygabon.com\/2023\/05\/01\/fete-du-travail-chez-baker-tilly-gabon\/","url":"https:\/\/bakertillygabon.com\/2023\/05\/01\/fete-du-travail-chez-baker-tilly-gabon\/","name":"F\u00eate du travail chez Baker Tilly Gabon - Baker Tilly Gabon","isPartOf":{"@id":"https:\/\/bakertillygabon.com\/#website"},"primaryImageOfPage":{"@id":"https:\/\/bakertillygabon.com\/2023\/05\/01\/fete-du-travail-chez-baker-tilly-gabon\/#primaryimage"},"image":{"@id":"https:\/\/bakertillygabon.com\/2023\/05\/01\/fete-du-travail-chez-baker-tilly-gabon\/#primaryimage"},"thumbnailUrl":"https:\/\/bakertillygabon.com\/wp-content\/uploads\/2023\/08\/image.png","datePublished":"2023-05-01T15:30:59+00:00","dateModified":"2023-08-03T07:59:08+00:00","breadcrumb":{"@id":"https:\/\/bakertillygabon.com\/2023\/05\/01\/fete-du-travail-chez-baker-tilly-gabon\/#breadcrumb"},"inLanguage":"en-US","potentialAction":[{"@type":"ReadAction","target":["https:\/\/bakertillygabon.com\/2023\/05\/01\/fete-du-travail-chez-baker-tilly-gabon\/"]}]},{"@type":"ImageObject","inLanguage":"en-US","@id":"https:\/\/bakertillygabon.com\/2023\/05\/01\/fete-du-travail-chez-baker-tilly-gabon\/#primaryimage","url":"https:\/\/bakertillygabon.com\/wp-content\/uploads\/2023\/08\/image.png","contentUrl":"https:\/\/bakertillygabon.com\/wp-content\/uploads\/2023\/08\/image.png","width":1280,"height":1644},{"@type":"BreadcrumbList","@id":"https:\/\/bakertillygabon.com\/2023\/05\/01\/fete-du-travail-chez-baker-tilly-gabon\/#breadcrumb","itemListElement":[{"@type":"ListItem","position":1,"name":"Accueil","item":"https:\/\/bakertillygabon.com\/"},{"@type":"ListItem","position":2,"name":"F\u00eate du travail chez Baker Tilly Gabon"}]},{"@type":"WebSite","@id":"https:\/\/bakertillygabon.com\/#website","url":"https:\/\/bakertillygabon.com\/","name":"Baker Tilly Gabon","description":"","publisher":{"@id":"https:\/\/bakertillygabon.com\/#organization"},"potentialAction":[{"@type":"SearchAction","target":{"@type":"EntryPoint","urlTemplate":"https:\/\/bakertillygabon.com\/?s={search_term_string}"},"query-input":"required name=search_term_string"}],"inLanguage":"en-US"},{"@type":"Organization","@id":"https:\/\/bakertillygabon.com\/#organization","name":"Baker Tilly Gabon","url":"https:\/\/bakertillygabon.com\/","logo":{"@type":"ImageObject","inLanguage":"en-US","@id":"https:\/\/bakertillygabon.com\/#\/schema\/logo\/image\/","url":"https:\/\/bakertillygabon.com\/wp-content\/uploads\/2023\/04\/Logo-1.png","contentUrl":"https:\/\/bakertillygabon.com\/wp-content\/uploads\/2023\/04\/Logo-1.png","width":772,"height":203,"caption":"Baker Tilly Gabon"},"image":{"@id":"https:\/\/bakertillygabon.com\/#\/schema\/logo\/image\/"},"sameAs":["https:\/\/www.facebook.com\/bakertillygabon","https:\/\/x.com\/bakertillygabon"]},{"@type":"Person","@id":"https:\/\/bakertillygabon.com\/#\/schema\/person\/f1c1f8e404fd5e29a6ef4a00ad87d2c8","name":"baker.tilly@admin","image":{"@type":"ImageObject","inLanguage":"en-US","@id":"https:\/\/bakertillygabon.com\/#\/schema\/person\/image\/","url":"https:\/\/secure.gravatar.com\/avatar\/d23db4015b3263d817a1a8e41b860b6d72bdb371905ec4504a6ff00a7caddb64?s=96&d=mm&r=g","contentUrl":"https:\/\/secure.gravatar.com\/avatar\/d23db4015b3263d817a1a8e41b860b6d72bdb371905ec4504a6ff00a7caddb64?s=96&d=mm&r=g","caption":"baker.tilly@admin"},"url":"https:\/\/bakertillygabon.com\/en\/author\/baker-tillyadmin\/"}]}},"author_meta":{"display_name":"baker.tilly@admin","author_link":"https:\/\/bakertillygabon.com\/en\/author\/baker-tillyadmin\/"},"featured_img":"https:\/\/bakertillygabon.com\/wp-content\/uploads\/2023\/08\/image-234x300.png","coauthors":[],"tax_additional":{"categories":{"linked":["<a href=\"https:\/\/bakertillygabon.com\/en\/category\/vie-dentreprise\/\" class=\"advgb-post-tax-term\">Vie d&#039;entreprise<\/a>"],"unlinked":["<span class=\"advgb-post-tax-term\">Vie d&#039;entreprise<\/span>"]}},"comment_count":"0","relative_dates":{"created":"Posted 3 years ago","modified":"Updated 3 years ago"},"absolute_dates":{"created":"Posted on May 1, 2023","modified":"Updated on August 3, 2023"},"absolute_dates_time":{"created":"Posted on May 1, 2023 3:30 pm","modified":"Updated on August 3, 2023 7:59 am"},"featured_img_caption":"","series_order":"","_links":{"self":[{"href":"https:\/\/bakertillygabon.com\/en\/wp-json\/wp\/v2\/posts\/1474","targetHints":{"allow":["GET"]}}],"collection":[{"href":"https:\/\/bakertillygabon.com\/en\/wp-json\/wp\/v2\/posts"}],"about":[{"href":"https:\/\/bakertillygabon.com\/en\/wp-json\/wp\/v2\/types\/post"}],"author":[{"embeddable":true,"href":"https:\/\/bakertillygabon.com\/en\/wp-json\/wp\/v2\/users\/2"}],"replies":[{"embeddable":true,"href":"https:\/\/bakertillygabon.com\/en\/wp-json\/wp\/v2\/comments?post=1474"}],"version-history":[{"count":2,"href":"https:\/\/bakertillygabon.com\/en\/wp-json\/wp\/v2\/posts\/1474\/revisions"}],"predecessor-version":[{"id":1538,"href":"https:\/\/bakertillygabon.com\/en\/wp-json\/wp\/v2\/posts\/1474\/revisions\/1538"}],"wp:featuredmedia":[{"embeddable":true,"href":"https:\/\/bakertillygabon.com\/en\/wp-json\/wp\/v2\/media\/1475"}],"wp:attachment":[{"href":"https:\/\/bakertillygabon.com\/en\/wp-json\/wp\/v2\/media?parent=1474"}],"wp:term":[{"taxonomy":"category","embeddable":true,"href":"https:\/\/bakertillygabon.com\/en\/wp-json\/wp\/v2\/categories?post=1474"},{"taxonomy":"post_tag","embeddable":true,"href":"https:\/\/bakertillygabon.com\/en\/wp-json\/wp\/v2\/tags?post=1474"}],"curies":[{"name":"wp","href":"https:\/\/api.w.org\/{rel}","templated":true}]}}